{"id":12482,"date":"2023-01-09T19:52:00","date_gmt":"2023-01-09T18:52:00","guid":{"rendered":"https:\/\/dev1.internetzonei.com\/ronvil\/ronvil?p=12482"},"modified":"2023-05-15T17:22:46","modified_gmt":"2023-05-15T15:22:46","slug":"el-incendio-de-bronx-twin-parks-marca-su-primer-aniversario","status":"publish","type":"post","link":"https:\/\/www.ronvil.com\/es\/el-incendio-de-bronx-twin-parks-marca-su-primer-aniversario\/","title":{"rendered":"El incendio de Bronx Twin Parks marca su primer aniversario"},"content":{"rendered":"\r\n<p>Ha pasado un a\u00f1o desde que un devastador incendio en un apartamento en el Bronx cobr\u00f3 la vida de 17 personas. El 9 de enero de 2022, la vida de decenas de familias cambiar\u00eda para siempre despu\u00e9s de que un incendio arrasara el apartamento de Twin Parks ubicado en 333 E. 181st Street. Esas familias a\u00fan luchan por recoger los pedazos de vidas destrozadas y corazones destrozados. El incendio de Twin Parks Northwest se cita como el incendio m\u00e1s mort\u00edfero de su tipo en la ciudad de Nueva York, superando el tr\u00e1gico incendio en otro edificio de apartamentos en el Bronx que ocurri\u00f3 un a\u00f1o antes y result\u00f3 en la muerte de 13 residentes del edificio.<\/p>\r\n<p>D\u00edas despu\u00e9s de que se contuvo el incendio en Twin Parks, los investigadores del Departamento de Bomberos de la Ciudad de Nueva York (FDNY) descubrieron que varias puertas de cierre autom\u00e1tico no funcionaban seg\u00fan lo dise\u00f1ado, lo que permiti\u00f3 que el fuego se extendiera por todo el edificio. Las puertas est\u00e1n dise\u00f1adas para cerrarse autom\u00e1ticamente; La ciudad de Nueva York requiere puertas de este tipo para las puertas de entrada de apartamentos en edificios residenciales de unidades m\u00faltiples. En 2019, los inspectores estatales citaron a los administradores del edificio de apartamentos, Reliant Realty Services, por el funcionamiento incorrecto de las puertas de cierre autom\u00e1tico.<\/p>\r\n<p>La agencia estatal conocida como Homes &amp; Community Renewal (HCR) orden\u00f3 reparaciones inmediatas porque los edificios se manten\u00edan por debajo de los est\u00e1ndares federales de seguridad. Se cree que las puertas nunca se actualizaron ni repararon, lo que finalmente condujo a la tragedia de enero de 2022, a pesar de que los administradores del edificio proporcionaron a los inspectores \u00f3rdenes de trabajo que afirmaban que las reparaciones se hab\u00edan completado. Los investigadores tambi\u00e9n descubrieron que un calentador ambiental defectuoso en el primer piso del edificio fue la causa probable del incendio. Debido a que la puerta de la unidad donde comenz\u00f3 el incendio qued\u00f3 abierta cuando los residentes huyeron, el fuego pudo propagarse r\u00e1pidamente.<\/p>\r\n<p>Otra puerta abierta en un piso superior tambi\u00e9n qued\u00f3 abierta, creando un vac\u00edo que atrajo las llamas hacia otras unidades ocupadas en el edificio. Robert Vilensky, un abogado de las oficinas de Ronemus &amp; Vilensky, LLP, cree que esta tragedia conducir\u00e1 a un mayor escrutinio de los est\u00e1ndares de seguridad en los apartamentos operados dentro de los cinco distritos de la ciudad de Nueva York. La firma de Vilensky representa a 97 v\u00edctimas y familiares del incendio de Twin Parks en una demanda y cree que se debe hacer m\u00e1s para proteger a los residentes de la ciudad de tragedias evitables. Comun\u00edquese con los abogados de lesiones por incendios <a href=\"https:\/\/www.ronvil.com\/es\/acerca-de\/\">Ronemus &amp; Vilensky<\/a> si usted o alguien a quien ama result\u00f3 herido en un incendio en Nueva York.<\/p>\r\n","protected":false},"excerpt":{"rendered":"","protected":false},"author":4,"featured_media":11549,"comment_status":"closed","ping_status":"closed","sticky":false,"template":"","format":"standard","meta":{"_acf_changed":false,"_yoast_wpseo_focuskw":"","_yoast_wpseo_title":"","_yoast_wpseo_metadesc":"","footnotes":""},"categories":[191],"tags":[],"class_list":["post-12482","post","type-post","status-publish","format-standard","has-post-thumbnail","hentry","category-lesion-por-fuego-es"],"acf":[],"yoast_head":"<!-- This site is optimized with the Yoast SEO Premium plugin v27.3 (Yoast SEO v27.5) - https:\/\/yoast.com\/product\/yoast-seo-premium-wordpress\/ -->\n<title>El incendio de Bronx Twin Parks marca su primer aniversario - Ronvil<\/title>\n<meta name=\"robots\" content=\"index, follow, max-snippet:-1, max-image-preview:large, max-video-preview:-1\" \/>\n<link rel=\"canonical\" href=\"https:\/\/www.ronvil.com\/es\/el-incendio-de-bronx-twin-parks-marca-su-primer-aniversario\/\" \/>\n<meta property=\"og:locale\" content=\"es_ES\" \/>\n<meta property=\"og:type\" content=\"article\" \/>\n<meta property=\"og:title\" content=\"El incendio de Bronx Twin Parks marca su primer aniversario\" \/>\n<meta property=\"og:url\" content=\"https:\/\/www.ronvil.com\/es\/el-incendio-de-bronx-twin-parks-marca-su-primer-aniversario\/\" \/>\n<meta property=\"og:site_name\" content=\"Ronvil\" \/>\n<meta property=\"article:publisher\" content=\"https:\/\/www.facebook.com\/ronemusandvilensky\/\" \/>\n<meta property=\"article:published_time\" content=\"2023-01-09T18:52:00+00:00\" \/>\n<meta property=\"article:modified_time\" content=\"2023-05-15T15:22:46+00:00\" \/>\n<meta property=\"og:image\" content=\"https:\/\/www.ronvil.com\/wp-content\/uploads\/2022\/01\/fire-building-bronx.jpg\" \/>\n\t<meta property=\"og:image:width\" content=\"999\" \/>\n\t<meta property=\"og:image:height\" content=\"562\" \/>\n\t<meta property=\"og:image:type\" content=\"image\/jpeg\" \/>\n<meta name=\"author\" content=\"Ronvil Editor\" \/>\n<meta name=\"twitter:card\" content=\"summary_large_image\" \/>\n<meta name=\"twitter:creator\" content=\"@michaelronemus\" \/>\n<meta name=\"twitter:site\" content=\"@michaelronemus\" \/>\n<meta name=\"twitter:label1\" content=\"Escrito por\" \/>\n\t<meta name=\"twitter:data1\" content=\"Ronvil Editor\" \/>\n\t<meta name=\"twitter:label2\" content=\"Tiempo de lectura\" \/>\n\t<meta name=\"twitter:data2\" content=\"3 minutos\" \/>\n<!-- \/ Yoast SEO Premium plugin. -->","yoast_head_json":{"title":"El incendio de Bronx Twin Parks marca su primer aniversario - Ronvil","robots":{"index":"index","follow":"follow","max-snippet":"max-snippet:-1","max-image-preview":"max-image-preview:large","max-video-preview":"max-video-preview:-1"},"canonical":"https:\/\/www.ronvil.com\/es\/el-incendio-de-bronx-twin-parks-marca-su-primer-aniversario\/","og_locale":"es_ES","og_type":"article","og_title":"El incendio de Bronx Twin Parks marca su primer aniversario","og_url":"https:\/\/www.ronvil.com\/es\/el-incendio-de-bronx-twin-parks-marca-su-primer-aniversario\/","og_site_name":"Ronvil","article_publisher":"https:\/\/www.facebook.com\/ronemusandvilensky\/","article_published_time":"2023-01-09T18:52:00+00:00","article_modified_time":"2023-05-15T15:22:46+00:00","og_image":[{"width":999,"height":562,"url":"https:\/\/www.ronvil.com\/wp-content\/uploads\/2022\/01\/fire-building-bronx.jpg","type":"image\/jpeg"}],"author":"Ronvil Editor","twitter_card":"summary_large_image","twitter_creator":"@michaelronemus","twitter_site":"@michaelronemus","twitter_misc":{"Escrito por":"Ronvil Editor","Tiempo de lectura":"3 minutos"},"schema":{"@context":"https:\/\/schema.org","@graph":[{"@type":"Article","@id":"https:\/\/www.ronvil.com\/es\/el-incendio-de-bronx-twin-parks-marca-su-primer-aniversario\/#article","isPartOf":{"@id":"https:\/\/www.ronvil.com\/es\/el-incendio-de-bronx-twin-parks-marca-su-primer-aniversario\/"},"author":{"name":"Ronvil Editor","@id":"https:\/\/www.ronvil.com\/es\/#\/schema\/person\/91d67ac4d39553d53e324730454d2be1"},"headline":"El incendio de Bronx Twin Parks marca su primer aniversario","datePublished":"2023-01-09T18:52:00+00:00","dateModified":"2023-05-15T15:22:46+00:00","mainEntityOfPage":{"@id":"https:\/\/www.ronvil.com\/es\/el-incendio-de-bronx-twin-parks-marca-su-primer-aniversario\/"},"wordCount":492,"publisher":{"@id":"https:\/\/www.ronvil.com\/es\/#organization"},"image":{"@id":"https:\/\/www.ronvil.com\/es\/el-incendio-de-bronx-twin-parks-marca-su-primer-aniversario\/#primaryimage"},"thumbnailUrl":"https:\/\/www.ronvil.com\/wp-content\/uploads\/2022\/01\/fire-building-bronx.jpg","articleSection":["Lesi\u00f3n por fuego"],"inLanguage":"es"},{"@type":"WebPage","@id":"https:\/\/www.ronvil.com\/es\/el-incendio-de-bronx-twin-parks-marca-su-primer-aniversario\/","url":"https:\/\/www.ronvil.com\/es\/el-incendio-de-bronx-twin-parks-marca-su-primer-aniversario\/","name":"El incendio de Bronx Twin Parks marca su primer aniversario - Ronvil","isPartOf":{"@id":"https:\/\/www.ronvil.com\/es\/#website"},"primaryImageOfPage":{"@id":"https:\/\/www.ronvil.com\/es\/el-incendio-de-bronx-twin-parks-marca-su-primer-aniversario\/#primaryimage"},"image":{"@id":"https:\/\/www.ronvil.com\/es\/el-incendio-de-bronx-twin-parks-marca-su-primer-aniversario\/#primaryimage"},"thumbnailUrl":"https:\/\/www.ronvil.com\/wp-content\/uploads\/2022\/01\/fire-building-bronx.jpg","datePublished":"2023-01-09T18:52:00+00:00","dateModified":"2023-05-15T15:22:46+00:00","breadcrumb":{"@id":"https:\/\/www.ronvil.com\/es\/el-incendio-de-bronx-twin-parks-marca-su-primer-aniversario\/#breadcrumb"},"inLanguage":"es","potentialAction":[{"@type":"ReadAction","target":["https:\/\/www.ronvil.com\/es\/el-incendio-de-bronx-twin-parks-marca-su-primer-aniversario\/"]}]},{"@type":"ImageObject","inLanguage":"es","@id":"https:\/\/www.ronvil.com\/es\/el-incendio-de-bronx-twin-parks-marca-su-primer-aniversario\/#primaryimage","url":"https:\/\/www.ronvil.com\/wp-content\/uploads\/2022\/01\/fire-building-bronx.jpg","contentUrl":"https:\/\/www.ronvil.com\/wp-content\/uploads\/2022\/01\/fire-building-bronx.jpg","width":999,"height":562},{"@type":"BreadcrumbList","@id":"https:\/\/www.ronvil.com\/es\/el-incendio-de-bronx-twin-parks-marca-su-primer-aniversario\/#breadcrumb","itemListElement":[{"@type":"ListItem","position":1,"name":"Home","item":"https:\/\/www.ronvil.com\/es\/"},{"@type":"ListItem","position":2,"name":"El incendio de Bronx Twin Parks marca su primer aniversario"}]},{"@type":"WebSite","@id":"https:\/\/www.ronvil.com\/es\/#website","url":"https:\/\/www.ronvil.com\/es\/","name":"Ronemus & Vilensky LLP","description":"","publisher":{"@id":"https:\/\/www.ronvil.com\/es\/#organization"},"potentialAction":[{"@type":"SearchAction","target":{"@type":"EntryPoint","urlTemplate":"https:\/\/www.ronvil.com\/es\/?s={search_term_string}"},"query-input":{"@type":"PropertyValueSpecification","valueRequired":true,"valueName":"search_term_string"}}],"inLanguage":"es"},{"@type":"Organization","@id":"https:\/\/www.ronvil.com\/es\/#organization","name":"Ronemus & Vilensky","url":"https:\/\/www.ronvil.com\/es\/","logo":{"@type":"ImageObject","inLanguage":"es","@id":"https:\/\/www.ronvil.com\/es\/#\/schema\/logo\/image\/","url":"https:\/\/www.ronvil.com\/wp-content\/uploads\/2023\/01\/rv.png","contentUrl":"https:\/\/www.ronvil.com\/wp-content\/uploads\/2023\/01\/rv.png","width":175,"height":60,"caption":"Ronemus & Vilensky"},"image":{"@id":"https:\/\/www.ronvil.com\/es\/#\/schema\/logo\/image\/"},"sameAs":["https:\/\/www.facebook.com\/ronemusandvilensky\/","https:\/\/x.com\/michaelronemus","https:\/\/www.crunchbase.com\/organization\/ronemus-vilensky","https:\/\/www.linkedin.com\/company\/ronemus-&amp;-vilensky-llp","https:\/\/profiles.superlawyers.com\/new-york-metro\/new-york\/lawfirm\/ronemus-and-vilensky\/4a672c01-8d6e-4500-9971-e66a5c59ce67.html","https:\/\/pview.findlaw.com\/view\/1349698_1","https:\/\/www.youtube.com\/channel\/UChAz6FxQwa3zhnx6XYSIatw","https:\/\/www.hg.org\/attorney\/ronemus-and-vilensky\/115062"]},{"@type":"Person","@id":"https:\/\/www.ronvil.com\/es\/#\/schema\/person\/91d67ac4d39553d53e324730454d2be1","name":"Ronvil Editor","image":{"@type":"ImageObject","inLanguage":"es","@id":"https:\/\/secure.gravatar.com\/avatar\/249c5366fe4984c0c29a3f4ee2835e4b6abcfd1f7c3b6892663cfefec421d371?s=96&d=mm&r=g","url":"https:\/\/secure.gravatar.com\/avatar\/249c5366fe4984c0c29a3f4ee2835e4b6abcfd1f7c3b6892663cfefec421d371?s=96&d=mm&r=g","contentUrl":"https:\/\/secure.gravatar.com\/avatar\/249c5366fe4984c0c29a3f4ee2835e4b6abcfd1f7c3b6892663cfefec421d371?s=96&d=mm&r=g","caption":"Ronvil Editor"},"url":"https:\/\/www.ronvil.com\/es\/author\/hayden\/"}]}},"_links":{"self":[{"href":"https:\/\/www.ronvil.com\/es\/wp-json\/wp\/v2\/posts\/12482","targetHints":{"allow":["GET"]}}],"collection":[{"href":"https:\/\/www.ronvil.com\/es\/wp-json\/wp\/v2\/posts"}],"about":[{"href":"https:\/\/www.ronvil.com\/es\/wp-json\/wp\/v2\/types\/post"}],"author":[{"embeddable":true,"href":"https:\/\/www.ronvil.com\/es\/wp-json\/wp\/v2\/users\/4"}],"replies":[{"embeddable":true,"href":"https:\/\/www.ronvil.com\/es\/wp-json\/wp\/v2\/comments?post=12482"}],"version-history":[{"count":2,"href":"https:\/\/www.ronvil.com\/es\/wp-json\/wp\/v2\/posts\/12482\/revisions"}],"predecessor-version":[{"id":13903,"href":"https:\/\/www.ronvil.com\/es\/wp-json\/wp\/v2\/posts\/12482\/revisions\/13903"}],"wp:featuredmedia":[{"embeddable":true,"href":"https:\/\/www.ronvil.com\/es\/wp-json\/wp\/v2\/media\/11549"}],"wp:attachment":[{"href":"https:\/\/www.ronvil.com\/es\/wp-json\/wp\/v2\/media?parent=12482"}],"wp:term":[{"taxonomy":"category","embeddable":true,"href":"https:\/\/www.ronvil.com\/es\/wp-json\/wp\/v2\/categories?post=12482"},{"taxonomy":"post_tag","embeddable":true,"href":"https:\/\/www.ronvil.com\/es\/wp-json\/wp\/v2\/tags?post=12482"}],"curies":[{"name":"wp","href":"https:\/\/api.w.org\/{rel}","templated":true}]}}